{"id":24842,"date":"2022-09-09T02:21:17","date_gmt":"2022-09-09T02:21:17","guid":{"rendered":"https:\/\/barbersurgeonsguild.com\/?p=24842"},"modified":"2022-12-12T21:40:27","modified_gmt":"2022-12-12T21:40:27","slug":"combat-hair-loss-with-topical-finasteride","status":"publish","type":"post","link":"https:\/\/barbersurgeonsguild.com\/es\/magazine\/combat-hair-loss-with-topical-finasteride\/","title":{"rendered":"Combata la ca\u00edda del cabello con Finasteride t\u00f3pico"},"content":{"rendered":"<p>Los tratamientos capilares reparadores no son de talla \u00fanica. El cabello es tan diverso como nosotros. Ya sea el color, el grosor, la densidad o la forma, hay muchos factores que influyen en la forma en que experimentamos la ca\u00edda del cabello, as\u00ed como en la restauraci\u00f3n capilar.&nbsp;<\/p>\n\n\n\n<p>Aunque los tratamientos capilares reparadores pueden beneficiar a personas con cualquier tipo de cabello, algunos tipos de cabello tienen m\u00e1s probabilidades de obtener resultados visualmente impresionantes que otros. Seg\u00fan el Dr. Justin Rome, fundador y director ejecutivo de Barber Surgeons Guild\u00ae, el cabello grueso, denso y de color oscuro suele mostrar los resultados visuales m\u00e1s notables tras los tratamientos capilares m\u00e9dicos y las rutinas de medicaci\u00f3n.&nbsp;<\/p>\n\n\n\n<p>El Dr. Rome explica que el objetivo de los tratamientos m\u00e9dicos es reducir y, con un poco de suerte, invertir la miniaturizaci\u00f3n del fol\u00edculo piloso, que es lo que en \u00faltima instancia provoca la ca\u00edda del cabello. Mientras el pelo siga creciendo en el fol\u00edculo, la aparici\u00f3n de una ca\u00edda notable es potencialmente reversible.<\/p>\n\n\n\n<blockquote class=\"wp-block-quote bsgquote is-layout-flow wp-block-quote-is-layout-flow\">\n<p>\"El objetivo de los tratamientos m\u00e9dicos es invertir el proceso de miniaturizaci\u00f3n\".<\/p>\n<\/blockquote>\n\n\n\n<p>dice el Dr. Rome. \"Los tratamientos m\u00e9dicos se dirigen a los pelos que han perdido di\u00e1metro y los hacen m\u00e1s gruesos, siempre que no hayan desaparecido. Los pelos que desaparecen, desaparecen\".<\/p>\n\n\n\n<p>Para las personas que parten de un tipo de cabello de referencia que es grueso, rizado y \u00e1spero, los fol\u00edculos pilosos tienden a responder mejor a los tratamientos m\u00e9dicos porque la l\u00ednea de base aumenta el margen de mejora. \"Cuando se piensa en el adelgazamiento del cabello, se piensa en menos pelo\", dijo el Dr. Rome. \"Pero eso es un efecto secundario. El efecto primario es que los propios cabellos se vuelven m\u00e1s finos o m\u00e1s delgados y, finalmente, dejan de crecer. La diferencia entre alguien con el pelo m\u00e1s grueso y alguien con el pelo m\u00e1s fino es un punto de partida diferente de lo fino o grueso que son los pelos.\"<\/p>\n\n\n\n<p>El Dr. Rome explic\u00f3 que el pelo rizado y grueso responde muy bien a los tratamientos m\u00e9dicos, porque \"en cuanto engrosas esos pelos, obtienes un resultado visual realmente bonito\". A\u00f1adi\u00f3 que hay varios factores que influyen en el aspecto general del pelo grueso, como el color, el tama\u00f1o folicular, el volumen y la densidad, y que los cabellos m\u00e1s oscuros ganan la batalla a los m\u00e1s claros en la lucha contra la ca\u00edda notable del cabello.&nbsp;<\/p>\n\n\n\n<p>A\u00fan as\u00ed, dijo, los tratamientos m\u00e9dicos como la medicaci\u00f3n oral y t\u00f3pica pueden beneficiar a cualquiera que est\u00e9 experimentando miniaturizaci\u00f3n folicular. \"Mientras sufran este proceso de ca\u00edda del cabello de patr\u00f3n masculino, responder\u00e1n y obtendr\u00e1n resultados\", afirma el Dr. Rome. \"Donde se van a ver resultados m\u00e1s pronto es normalmente en las personas con el pelo m\u00e1s grueso, rizado y corto\".<\/p>\n\n\n\n<p>Las diferencias raciales y \u00e9tnicas tambi\u00e9n pueden afectar a nuestras experiencias con la ca\u00edda del cabello y el tratamiento capilar. Aunque cada individuo tiene variaciones en el tipo de cabello, en general, los grupos gen\u00e9ticos suelen tener en com\u00fan diferencias observables. Las personas con pelo de textura afro, o textura capilar com\u00fan entre las poblaciones descendientes o nativas de \u00c1frica central y meridional, suelen tener el pelo de color oscuro, muy enrollado y relativamente menos denso por cent\u00edmetro cuadrado.&nbsp;<\/p>\n\n\n\n<p>Aunque las diferencias raciales siguen difumin\u00e1ndose en un mundo cada vez m\u00e1s diverso, desde hace alg\u00fan tiempo se vienen observando cient\u00edficamente patrones en poblaciones gen\u00e9ticamente homog\u00e9neas. Por lo general, el cabello cauc\u00e1sico crece en \u00e1ngulo, el asi\u00e1tico en l\u00ednea recta desde el fol\u00edculo y el africano en \u00e1ngulo con forma de espiral el\u00edptica. La forma en espiral confiere un volumen al cabello de textura afro que combina bien con tratamientos medicinales como el finasteride oral y t\u00f3pico.&nbsp;<\/p>\n\n\n\n<p>Will Harris, director de documentales negro afincado en el sur de California, empez\u00f3 a notar la ca\u00edda de su cabello cuando ten\u00eda unos 30 a\u00f1os. Pas\u00f3 la mayor parte de su vida alternando entre la calvicie y el crecimiento del cabello, pero un d\u00eda se dio cuenta de que, a medida que le crec\u00eda el pelo, este se volv\u00eda m\u00e1s fino.&nbsp;<\/p>\n\n\n\n<p>\"Siempre me he afeitado la cabeza\", dijo Harris. \"Es una preferencia de estilo que suelen hacer los hombres negros\".<\/p>\n\n\n\n<p>Aunque Harris se sent\u00eda c\u00f3modo con la calvicie, el debilitamiento de su cabello segu\u00eda afectando a su autoestima. Primero prob\u00f3 una soluci\u00f3n t\u00f3pica de espuma y despu\u00e9s Finasteride oral. Experiment\u00f3 algunos efectos secundarios con el finasteride oral y en mayo acudi\u00f3 a la filial de West Hollywood de Barber Surgeons Guild en busca de una soluci\u00f3n. A Harris le recetaron la f\u00f3rmula est\u00e1ndar de la soluci\u00f3n t\u00f3pica BSG, con ingredientes como minoxidil, finasterida y tretino\u00edna, para aplicar directamente sobre el cuero cabelludo. Aunque el pelo de Harris se hab\u00eda vuelto notablemente m\u00e1s fino, a\u00fan quedaban suficientes fol\u00edculos activos para aumentar el volumen de su cabello.<\/p>\n\n\n\n<p>A pesar de algunas dudas iniciales sobre si darle otra oportunidad a Finasteride, Harris investig\u00f3 un poco y decidi\u00f3 seguir adelante con el tratamiento. Se dio un plazo de seis meses para notar la mejor\u00eda. Despu\u00e9s de s\u00f3lo dos meses de tomar la f\u00f3rmula t\u00f3pica BSG por la ma\u00f1ana y por la noche (un poco m\u00e1s de lo que se suele recetar), Harris observ\u00f3 profundos resultados visuales sin los efectos secundarios que experimentaba con el finasteride oral.&nbsp;&nbsp;<\/p>\n\n\n\n<p>&#8220;The topical solution has been like a miracle,\u201d Harris said. <\/p>\n\n\n\n<blockquote class=\"wp-block-quote bsgquote is-layout-flow wp-block-quote-is-layout-flow\">\n<p>\"Si vieras mi antes y despu\u00e9s en dos meses, pensar\u00edas que es falso\".<\/p>\n<\/blockquote>\n\n\n\n<p>Despu\u00e9s de tres a\u00f1os probando diferentes productos que conten\u00edan Finasteride, la f\u00f3rmula de medicaci\u00f3n t\u00f3pica de BSG le proporcion\u00f3 los resultados deseados en dos meses. Harris atribuye la diferencia a la inclusi\u00f3n de Minoxidil en la f\u00f3rmula. \"Me alegr\u00e9 mucho de no tener que ponerme espuma en el pelo dos veces al d\u00eda y tomarme tambi\u00e9n una pastilla\", dijo Harris. \"Se lo he recomendado literalmente a veinte atletas y personas que conozco\".<\/p>\n\n\n\n<div style=\"height:20px\" aria-hidden=\"true\" class=\"wp-block-spacer\"><\/div>\n\n\n\n<figure class=\"wp-block-image size-large is-resized\"><img loading=\"lazy\" decoding=\"async\" src=\"https:\/\/barbersurgeonsguild.com\/wp-content\/uploads\/2022\/09\/barbersurgeonsguild-topical-finasteride-beforeafter-01-1-1024x309.jpg\" alt=\"\" class=\"wp-image-24845\" width=\"768\" height=\"232\" srcset=\"https:\/\/barbersurgeonsguild.com\/wp-content\/uploads\/2022\/09\/barbersurgeonsguild-topical-finasteride-beforeafter-01-1-1024x309.jpg 1024w, https:\/\/barbersurgeonsguild.com\/wp-content\/uploads\/2022\/09\/barbersurgeonsguild-topical-finasteride-beforeafter-01-1-300x91.jpg 300w, https:\/\/barbersurgeonsguild.com\/wp-content\/uploads\/2022\/09\/barbersurgeonsguild-topical-finasteride-beforeafter-01-1-768x232.jpg 768w, https:\/\/barbersurgeonsguild.com\/wp-content\/uploads\/2022\/09\/barbersurgeonsguild-topical-finasteride-beforeafter-01-1-360x109.jpg 360w, https:\/\/barbersurgeonsguild.com\/wp-content\/uploads\/2022\/09\/barbersurgeonsguild-topical-finasteride-beforeafter-01-1-720x217.jpg 720w, https:\/\/barbersurgeonsguild.com\/wp-content\/uploads\/2022\/09\/barbersurgeonsguild-topical-finasteride-beforeafter-01-1-250x75.jpg 250w, https:\/\/barbersurgeonsguild.com\/wp-content\/uploads\/2022\/09\/barbersurgeonsguild-topical-finasteride-beforeafter-01-1-500x151.jpg 500w, https:\/\/barbersurgeonsguild.com\/wp-content\/uploads\/2022\/09\/barbersurgeonsguild-topical-finasteride-beforeafter-01-1-700x211.jpg 700w, https:\/\/barbersurgeonsguild.com\/wp-content\/uploads\/2022\/09\/barbersurgeonsguild-topical-finasteride-beforeafter-01-1.jpg 1080w\" sizes=\"auto, (max-width: 768px) 100vw, 768px\" \/><\/figure>\n\n\n\n<div style=\"height:20px\" aria-hidden=\"true\" class=\"wp-block-spacer\"><\/div>\n\n\n\n<p>Harris\u2019 MMA sports documentary series, <a href=\"https:\/\/www.youtube.com\/c\/AnatomyofaFighter\" target=\"_blank\" rel=\"noreferrer noopener\">Anatomy of a Fighter<\/a>, has 591,000 subscribers on YouTube and 488 uploaded videos. Harris says his role as a sports documentary filmmaker has taught him that hair loss takes a toll on almost everyone.<\/p>\n\n\n\n<p>\"Creo que hay muchos hombres en el mundo, independientemente de su situaci\u00f3n econ\u00f3mica o su \u00e9xito, que sufren ca\u00edda del cabello, y eso molesta a mucha gente\", afirma Harris. \"Soy director de documentales sobre algunas de las personas m\u00e1s famosas y ricas del planeta, y todas ellas tienen problemas de ca\u00edda del cabello. S\u00f3lo hace falta que una o dos personas hablen de ello para que la gente se sienta c\u00f3moda\".<\/p>\n\n\n\n<p>La finasterida se utiliza esencialmente para impedir que las enzimas del organismo conviertan la testosterona en DHT (dihidrotestosterona), el compuesto responsable de la calvicie de patr\u00f3n masculino. Aunque todos los hombres producen DHT, algunos son m\u00e1s sensibles a sus efectos que otros. El Dr. Rome se\u00f1al\u00f3 que los mejores resultados de la finasterida se obtienen cuando se utiliza finasterida t\u00f3pica junto con finasterida oral para atacar los mecanismos que producen DHT desde todos los \u00e1ngulos.<\/p>\n\n\n\n<p>Tanto si tomas medicaci\u00f3n oral como t\u00f3pica o una combinaci\u00f3n de ambas, el Dr. Rome afirma que lo m\u00e1s importante que podemos hacer para combatir la ca\u00edda del cabello es actuar. \"Cuando haces estos tratamientos, s\u00f3lo va a engrosar lo que tienes\", dijo. \"Si esperas mucho tiempo y se pierde todo, no vas a obtener una buena respuesta\".<\/p>\n\n\n\n<p>Barber Surgeons Guild ofrece f\u00f3rmulas t\u00f3picas personalizables, dise\u00f1adas pensando en cada paciente. Ya se trate de un procedimiento de restauraci\u00f3n, un servicio de terapia o un plan de medicaci\u00f3n, BSG tiene una gama de opciones.&nbsp;<\/p>\n\n\n\n<p>\"Me alegro de haber descubierto (BSG)\", dijo Harris. \"Mi consejo para cualquiera ser\u00eda que, si notas que algo pasa en tu cuerpo, lo descubras pronto. No esper\u00e9is a que sea demasiado tarde\".<\/p>\n\n\n\n<div style=\"height:20px\" aria-hidden=\"true\" class=\"wp-block-spacer\"><\/div>\n\n\n\n<hr class=\"wp-block-separator has-text-color has-alpha-channel-opacity has-background is-style-wide\" style=\"background-color:#e0e0e0;color:#e0e0e0\"\/>\n\n\n\n<h3 style=\"text-transform:none;\">Reserve una consulta con un reputado experto en restauraci\u00f3n capilar.<\/h3>\n\n\n\n<div style=\"height:25px\" aria-hidden=\"true\" class=\"wp-block-spacer\"><\/div>\n\n\n\n<a class=\"bsgbtn\" href=\"\/es\/book-now\/\">EMPEZAR CON BSG<\/a>","protected":false},"excerpt":{"rendered":"<p>Restorative hair treatments are not a one-size fits all. Hair is just as diverse as we are. Whether it be color, thickness, density, or shape, there are many factors that influence the ways we experience hair loss, as well as hair restoration.&nbsp; While restorative hair&#8230;<\/p>","protected":false},"author":49,"featured_media":24844,"comment_status":"closed","ping_status":"open","sticky":false,"template":"","format":"standard","meta":{"footnotes":""},"categories":[165,168,167,161],"tags":[],"class_list":["post-24842","post","type-post","status-publish","format-standard","has-post-thumbnail","hentry","category-intel","category-medicine","category-products","category-research"],"yoast_head":"<!-- This site is optimized with the Yoast SEO plugin v27.4 - https:\/\/yoast.com\/product\/yoast-seo-wordpress\/ -->\n<title>Combat Hair Loss With Topical Finasteride - Barber Surgeons Guild\u00ae<\/title>\n<meta name=\"description\" content=\"Will Harris, black documentary filmmaker, shares his journey with BSG&#039;s Topical Finasteride treatment and the edge it has given him.\" \/>\n<meta name=\"robots\" content=\"index, follow, max-snippet:-1, max-image-preview:large, max-video-preview:-1\" \/>\n<link rel=\"canonical\" href=\"https:\/\/barbersurgeonsguild.com\/es\/magazine\/combat-hair-loss-with-topical-finasteride\/\" \/>\n<meta property=\"og:locale\" content=\"es_MX\" \/>\n<meta property=\"og:type\" content=\"article\" \/>\n<meta property=\"og:title\" content=\"Combat Hair Loss With Topical Finasteride - Barber Surgeons Guild\u00ae\" \/>\n<meta property=\"og:description\" content=\"Will Harris, black documentary filmmaker, shares his journey with BSG&#039;s Topical Finasteride treatment and the edge it has given him.\" \/>\n<meta property=\"og:url\" content=\"https:\/\/barbersurgeonsguild.com\/es\/magazine\/combat-hair-loss-with-topical-finasteride\/\" \/>\n<meta property=\"og:site_name\" content=\"Barber Surgeons Guild\u00ae\" \/>\n<meta property=\"article:published_time\" content=\"2022-09-09T02:21:17+00:00\" \/>\n<meta property=\"article:modified_time\" content=\"2022-12-12T21:40:27+00:00\" \/>\n<meta property=\"og:image\" content=\"https:\/\/barbersurgeonsguild.com\/wp-content\/uploads\/2022\/09\/barbersurgeonsguild-blog-topical-finasteride.jpg\" \/>\n\t<meta property=\"og:image:width\" content=\"1080\" \/>\n\t<meta property=\"og:image:height\" content=\"400\" \/>\n\t<meta property=\"og:image:type\" content=\"image\/jpeg\" \/>\n<meta name=\"author\" content=\"Mark Minton\" \/>\n<meta name=\"twitter:card\" content=\"summary_large_image\" \/>\n<meta name=\"twitter:label1\" content=\"Escrito por\" \/>\n\t<meta name=\"twitter:data1\" content=\"Mark Minton\" \/>\n\t<meta name=\"twitter:label2\" content=\"Tiempo de lectura\" \/>\n\t<meta name=\"twitter:data2\" content=\"6 minutos\" \/>\n<script type=\"application\/ld+json\" class=\"yoast-schema-graph\">{\"@context\":\"https:\\\/\\\/schema.org\",\"@graph\":[{\"@type\":\"Article\",\"@id\":\"https:\\\/\\\/barbersurgeonsguild.com\\\/magazine\\\/combat-hair-loss-with-topical-finasteride\\\/#article\",\"isPartOf\":{\"@id\":\"https:\\\/\\\/barbersurgeonsguild.com\\\/magazine\\\/combat-hair-loss-with-topical-finasteride\\\/\"},\"author\":{\"name\":\"Mark Minton\",\"@id\":\"https:\\\/\\\/barbersurgeonsguild.com\\\/#\\\/schema\\\/person\\\/1662365378abfa0a0c36edbdf10794d8\"},\"headline\":\"Combat Hair Loss With Topical Finasteride\",\"datePublished\":\"2022-09-09T02:21:17+00:00\",\"dateModified\":\"2022-12-12T21:40:27+00:00\",\"mainEntityOfPage\":{\"@id\":\"https:\\\/\\\/barbersurgeonsguild.com\\\/magazine\\\/combat-hair-loss-with-topical-finasteride\\\/\"},\"wordCount\":1246,\"publisher\":{\"@id\":\"https:\\\/\\\/barbersurgeonsguild.com\\\/#organization\"},\"image\":{\"@id\":\"https:\\\/\\\/barbersurgeonsguild.com\\\/magazine\\\/combat-hair-loss-with-topical-finasteride\\\/#primaryimage\"},\"thumbnailUrl\":\"https:\\\/\\\/barbersurgeonsguild.com\\\/wp-content\\\/uploads\\\/2022\\\/09\\\/barbersurgeonsguild-blog-topical-finasteride.jpg\",\"articleSection\":[\"Intel\",\"Medicine\",\"Products\",\"Research\"],\"inLanguage\":\"es-MX\"},{\"@type\":\"WebPage\",\"@id\":\"https:\\\/\\\/barbersurgeonsguild.com\\\/magazine\\\/combat-hair-loss-with-topical-finasteride\\\/\",\"url\":\"https:\\\/\\\/barbersurgeonsguild.com\\\/magazine\\\/combat-hair-loss-with-topical-finasteride\\\/\",\"name\":\"Combat Hair Loss With Topical Finasteride - Barber Surgeons Guild\u00ae\",\"isPartOf\":{\"@id\":\"https:\\\/\\\/barbersurgeonsguild.com\\\/#website\"},\"primaryImageOfPage\":{\"@id\":\"https:\\\/\\\/barbersurgeonsguild.com\\\/magazine\\\/combat-hair-loss-with-topical-finasteride\\\/#primaryimage\"},\"image\":{\"@id\":\"https:\\\/\\\/barbersurgeonsguild.com\\\/magazine\\\/combat-hair-loss-with-topical-finasteride\\\/#primaryimage\"},\"thumbnailUrl\":\"https:\\\/\\\/barbersurgeonsguild.com\\\/wp-content\\\/uploads\\\/2022\\\/09\\\/barbersurgeonsguild-blog-topical-finasteride.jpg\",\"datePublished\":\"2022-09-09T02:21:17+00:00\",\"dateModified\":\"2022-12-12T21:40:27+00:00\",\"description\":\"Will Harris, black documentary filmmaker, shares his journey with BSG's Topical Finasteride treatment and the edge it has given him.\",\"breadcrumb\":{\"@id\":\"https:\\\/\\\/barbersurgeonsguild.com\\\/magazine\\\/combat-hair-loss-with-topical-finasteride\\\/#breadcrumb\"},\"inLanguage\":\"es-MX\",\"potentialAction\":[{\"@type\":\"ReadAction\",\"target\":[\"https:\\\/\\\/barbersurgeonsguild.com\\\/magazine\\\/combat-hair-loss-with-topical-finasteride\\\/\"]}]},{\"@type\":\"ImageObject\",\"inLanguage\":\"es-MX\",\"@id\":\"https:\\\/\\\/barbersurgeonsguild.com\\\/magazine\\\/combat-hair-loss-with-topical-finasteride\\\/#primaryimage\",\"url\":\"https:\\\/\\\/barbersurgeonsguild.com\\\/wp-content\\\/uploads\\\/2022\\\/09\\\/barbersurgeonsguild-blog-topical-finasteride.jpg\",\"contentUrl\":\"https:\\\/\\\/barbersurgeonsguild.com\\\/wp-content\\\/uploads\\\/2022\\\/09\\\/barbersurgeonsguild-blog-topical-finasteride.jpg\",\"width\":1080,\"height\":400,\"caption\":\"Topical Finasteride Treatment\"},{\"@type\":\"BreadcrumbList\",\"@id\":\"https:\\\/\\\/barbersurgeonsguild.com\\\/magazine\\\/combat-hair-loss-with-topical-finasteride\\\/#breadcrumb\",\"itemListElement\":[{\"@type\":\"ListItem\",\"position\":1,\"name\":\"Home\",\"item\":\"https:\\\/\\\/barbersurgeonsguild.com\\\/\"},{\"@type\":\"ListItem\",\"position\":2,\"name\":\"Combat Hair Loss With Topical Finasteride\"}]},{\"@type\":\"WebSite\",\"@id\":\"https:\\\/\\\/barbersurgeonsguild.com\\\/#website\",\"url\":\"https:\\\/\\\/barbersurgeonsguild.com\\\/\",\"name\":\"Barber Surgeons Guild\u00ae\",\"description\":\"Grooming Redefined | West Hollywood, CA &amp; New York, NY\",\"publisher\":{\"@id\":\"https:\\\/\\\/barbersurgeonsguild.com\\\/#organization\"},\"potentialAction\":[{\"@type\":\"SearchAction\",\"target\":{\"@type\":\"EntryPoint\",\"urlTemplate\":\"https:\\\/\\\/barbersurgeonsguild.com\\\/?s={search_term_string}\"},\"query-input\":{\"@type\":\"PropertyValueSpecification\",\"valueRequired\":true,\"valueName\":\"search_term_string\"}}],\"inLanguage\":\"es-MX\"},{\"@type\":\"Organization\",\"@id\":\"https:\\\/\\\/barbersurgeonsguild.com\\\/#organization\",\"name\":\"Barber Surgeons Guild\u00ae\",\"url\":\"https:\\\/\\\/barbersurgeonsguild.com\\\/\",\"logo\":{\"@type\":\"ImageObject\",\"inLanguage\":\"es-MX\",\"@id\":\"https:\\\/\\\/barbersurgeonsguild.com\\\/#\\\/schema\\\/logo\\\/image\\\/\",\"url\":\"https:\\\/\\\/barbersurgeonsguild.com\\\/wp-content\\\/uploads\\\/2022\\\/07\\\/barbersurgeonsguild-logo@3x.png\",\"contentUrl\":\"https:\\\/\\\/barbersurgeonsguild.com\\\/wp-content\\\/uploads\\\/2022\\\/07\\\/barbersurgeonsguild-logo@3x.png\",\"width\":500,\"height\":300,\"caption\":\"Barber Surgeons Guild\u00ae\"},\"image\":{\"@id\":\"https:\\\/\\\/barbersurgeonsguild.com\\\/#\\\/schema\\\/logo\\\/image\\\/\"}},{\"@type\":\"Person\",\"@id\":\"https:\\\/\\\/barbersurgeonsguild.com\\\/#\\\/schema\\\/person\\\/1662365378abfa0a0c36edbdf10794d8\",\"name\":\"Mark Minton\",\"image\":{\"@type\":\"ImageObject\",\"inLanguage\":\"es-MX\",\"@id\":\"https:\\\/\\\/secure.gravatar.com\\\/avatar\\\/ffee56790c0f07ecf80c75ce13e462c2fd3f7c5c496ea43235c96b73ed03bcd0?s=96&d=mm&r=g\",\"url\":\"https:\\\/\\\/secure.gravatar.com\\\/avatar\\\/ffee56790c0f07ecf80c75ce13e462c2fd3f7c5c496ea43235c96b73ed03bcd0?s=96&d=mm&r=g\",\"contentUrl\":\"https:\\\/\\\/secure.gravatar.com\\\/avatar\\\/ffee56790c0f07ecf80c75ce13e462c2fd3f7c5c496ea43235c96b73ed03bcd0?s=96&d=mm&r=g\",\"caption\":\"Mark Minton\"},\"url\":\"https:\\\/\\\/barbersurgeonsguild.com\\\/es\\\/magazine\\\/author\\\/mark\\\/\"}]}<\/script>\n<!-- \/ Yoast SEO plugin. -->","yoast_head_json":{"title":"Combat Hair Loss With Topical Finasteride - Barber Surgeons Guild\u00ae","description":"Will Harris, black documentary filmmaker, shares his journey with BSG's Topical Finasteride treatment and the edge it has given him.","robots":{"index":"index","follow":"follow","max-snippet":"max-snippet:-1","max-image-preview":"max-image-preview:large","max-video-preview":"max-video-preview:-1"},"canonical":"https:\/\/barbersurgeonsguild.com\/es\/magazine\/combat-hair-loss-with-topical-finasteride\/","og_locale":"es_MX","og_type":"article","og_title":"Combat Hair Loss With Topical Finasteride - Barber Surgeons Guild\u00ae","og_description":"Will Harris, black documentary filmmaker, shares his journey with BSG's Topical Finasteride treatment and the edge it has given him.","og_url":"https:\/\/barbersurgeonsguild.com\/es\/magazine\/combat-hair-loss-with-topical-finasteride\/","og_site_name":"Barber Surgeons Guild\u00ae","article_published_time":"2022-09-09T02:21:17+00:00","article_modified_time":"2022-12-12T21:40:27+00:00","og_image":[{"width":1080,"height":400,"url":"https:\/\/barbersurgeonsguild.com\/wp-content\/uploads\/2022\/09\/barbersurgeonsguild-blog-topical-finasteride.jpg","type":"image\/jpeg"}],"author":"Mark Minton","twitter_card":"summary_large_image","twitter_misc":{"Escrito por":"Mark Minton","Tiempo de lectura":"6 minutos"},"schema":{"@context":"https:\/\/schema.org","@graph":[{"@type":"Article","@id":"https:\/\/barbersurgeonsguild.com\/magazine\/combat-hair-loss-with-topical-finasteride\/#article","isPartOf":{"@id":"https:\/\/barbersurgeonsguild.com\/magazine\/combat-hair-loss-with-topical-finasteride\/"},"author":{"name":"Mark Minton","@id":"https:\/\/barbersurgeonsguild.com\/#\/schema\/person\/1662365378abfa0a0c36edbdf10794d8"},"headline":"Combat Hair Loss With Topical Finasteride","datePublished":"2022-09-09T02:21:17+00:00","dateModified":"2022-12-12T21:40:27+00:00","mainEntityOfPage":{"@id":"https:\/\/barbersurgeonsguild.com\/magazine\/combat-hair-loss-with-topical-finasteride\/"},"wordCount":1246,"publisher":{"@id":"https:\/\/barbersurgeonsguild.com\/#organization"},"image":{"@id":"https:\/\/barbersurgeonsguild.com\/magazine\/combat-hair-loss-with-topical-finasteride\/#primaryimage"},"thumbnailUrl":"https:\/\/barbersurgeonsguild.com\/wp-content\/uploads\/2022\/09\/barbersurgeonsguild-blog-topical-finasteride.jpg","articleSection":["Intel","Medicine","Products","Research"],"inLanguage":"es-MX"},{"@type":"WebPage","@id":"https:\/\/barbersurgeonsguild.com\/magazine\/combat-hair-loss-with-topical-finasteride\/","url":"https:\/\/barbersurgeonsguild.com\/magazine\/combat-hair-loss-with-topical-finasteride\/","name":"Combat Hair Loss With Topical Finasteride - Barber Surgeons Guild\u00ae","isPartOf":{"@id":"https:\/\/barbersurgeonsguild.com\/#website"},"primaryImageOfPage":{"@id":"https:\/\/barbersurgeonsguild.com\/magazine\/combat-hair-loss-with-topical-finasteride\/#primaryimage"},"image":{"@id":"https:\/\/barbersurgeonsguild.com\/magazine\/combat-hair-loss-with-topical-finasteride\/#primaryimage"},"thumbnailUrl":"https:\/\/barbersurgeonsguild.com\/wp-content\/uploads\/2022\/09\/barbersurgeonsguild-blog-topical-finasteride.jpg","datePublished":"2022-09-09T02:21:17+00:00","dateModified":"2022-12-12T21:40:27+00:00","description":"Will Harris, black documentary filmmaker, shares his journey with BSG's Topical Finasteride treatment and the edge it has given him.","breadcrumb":{"@id":"https:\/\/barbersurgeonsguild.com\/magazine\/combat-hair-loss-with-topical-finasteride\/#breadcrumb"},"inLanguage":"es-MX","potentialAction":[{"@type":"ReadAction","target":["https:\/\/barbersurgeonsguild.com\/magazine\/combat-hair-loss-with-topical-finasteride\/"]}]},{"@type":"ImageObject","inLanguage":"es-MX","@id":"https:\/\/barbersurgeonsguild.com\/magazine\/combat-hair-loss-with-topical-finasteride\/#primaryimage","url":"https:\/\/barbersurgeonsguild.com\/wp-content\/uploads\/2022\/09\/barbersurgeonsguild-blog-topical-finasteride.jpg","contentUrl":"https:\/\/barbersurgeonsguild.com\/wp-content\/uploads\/2022\/09\/barbersurgeonsguild-blog-topical-finasteride.jpg","width":1080,"height":400,"caption":"Topical Finasteride Treatment"},{"@type":"BreadcrumbList","@id":"https:\/\/barbersurgeonsguild.com\/magazine\/combat-hair-loss-with-topical-finasteride\/#breadcrumb","itemListElement":[{"@type":"ListItem","position":1,"name":"Home","item":"https:\/\/barbersurgeonsguild.com\/"},{"@type":"ListItem","position":2,"name":"Combat Hair Loss With Topical Finasteride"}]},{"@type":"WebSite","@id":"https:\/\/barbersurgeonsguild.com\/#website","url":"https:\/\/barbersurgeonsguild.com\/","name":"Barber Surgeons Guild\u00ae","description":"Grooming Redefined | West Hollywood, CA &amp; New York, NY","publisher":{"@id":"https:\/\/barbersurgeonsguild.com\/#organization"},"potentialAction":[{"@type":"SearchAction","target":{"@type":"EntryPoint","urlTemplate":"https:\/\/barbersurgeonsguild.com\/?s={search_term_string}"},"query-input":{"@type":"PropertyValueSpecification","valueRequired":true,"valueName":"search_term_string"}}],"inLanguage":"es-MX"},{"@type":"Organization","@id":"https:\/\/barbersurgeonsguild.com\/#organization","name":"Barber Surgeons Guild\u00ae","url":"https:\/\/barbersurgeonsguild.com\/","logo":{"@type":"ImageObject","inLanguage":"es-MX","@id":"https:\/\/barbersurgeonsguild.com\/#\/schema\/logo\/image\/","url":"https:\/\/barbersurgeonsguild.com\/wp-content\/uploads\/2022\/07\/barbersurgeonsguild-logo@3x.png","contentUrl":"https:\/\/barbersurgeonsguild.com\/wp-content\/uploads\/2022\/07\/barbersurgeonsguild-logo@3x.png","width":500,"height":300,"caption":"Barber Surgeons Guild\u00ae"},"image":{"@id":"https:\/\/barbersurgeonsguild.com\/#\/schema\/logo\/image\/"}},{"@type":"Person","@id":"https:\/\/barbersurgeonsguild.com\/#\/schema\/person\/1662365378abfa0a0c36edbdf10794d8","name":"Mark Minton","image":{"@type":"ImageObject","inLanguage":"es-MX","@id":"https:\/\/secure.gravatar.com\/avatar\/ffee56790c0f07ecf80c75ce13e462c2fd3f7c5c496ea43235c96b73ed03bcd0?s=96&d=mm&r=g","url":"https:\/\/secure.gravatar.com\/avatar\/ffee56790c0f07ecf80c75ce13e462c2fd3f7c5c496ea43235c96b73ed03bcd0?s=96&d=mm&r=g","contentUrl":"https:\/\/secure.gravatar.com\/avatar\/ffee56790c0f07ecf80c75ce13e462c2fd3f7c5c496ea43235c96b73ed03bcd0?s=96&d=mm&r=g","caption":"Mark Minton"},"url":"https:\/\/barbersurgeonsguild.com\/es\/magazine\/author\/mark\/"}]}},"_links":{"self":[{"href":"https:\/\/barbersurgeonsguild.com\/es\/wp-json\/wp\/v2\/posts\/24842","targetHints":{"allow":["GET"]}}],"collection":[{"href":"https:\/\/barbersurgeonsguild.com\/es\/wp-json\/wp\/v2\/posts"}],"about":[{"href":"https:\/\/barbersurgeonsguild.com\/es\/wp-json\/wp\/v2\/types\/post"}],"author":[{"embeddable":true,"href":"https:\/\/barbersurgeonsguild.com\/es\/wp-json\/wp\/v2\/users\/49"}],"replies":[{"embeddable":true,"href":"https:\/\/barbersurgeonsguild.com\/es\/wp-json\/wp\/v2\/comments?post=24842"}],"version-history":[{"count":0,"href":"https:\/\/barbersurgeonsguild.com\/es\/wp-json\/wp\/v2\/posts\/24842\/revisions"}],"wp:featuredmedia":[{"embeddable":true,"href":"https:\/\/barbersurgeonsguild.com\/es\/wp-json\/wp\/v2\/media\/24844"}],"wp:attachment":[{"href":"https:\/\/barbersurgeonsguild.com\/es\/wp-json\/wp\/v2\/media?parent=24842"}],"wp:term":[{"taxonomy":"category","embeddable":true,"href":"https:\/\/barbersurgeonsguild.com\/es\/wp-json\/wp\/v2\/categories?post=24842"},{"taxonomy":"post_tag","embeddable":true,"href":"https:\/\/barbersurgeonsguild.com\/es\/wp-json\/wp\/v2\/tags?post=24842"}],"curies":[{"name":"wp","href":"https:\/\/api.w.org\/{rel}","templated":true}]}}